{"id":188,"date":"2025-04-16T10:04:46","date_gmt":"2025-04-16T10:04:46","guid":{"rendered":"\/wordpress\/?p=188"},"modified":"2025-09-08T21:19:35","modified_gmt":"2025-09-08T21:19:35","slug":"semana-1","status":"publish","type":"post","link":"https:\/\/madi.n0disp0.click\/?p=188","title":{"rendered":"SEMANA 1"},"content":{"rendered":"\n<p class=\"has-text-align-center\"><strong><em>LUNES<\/em><\/strong><\/p>\n\n\n\n<figure class=\"wp-block-image size-full\"><img loading=\"lazy\" decoding=\"async\" width=\"700\" height=\"603\" src=\"http:\/\/madi.n0disp0.click\/wp-content\/uploads\/2025\/09\/hoy-es-lunes.jpg\" alt=\"\" class=\"wp-image-245\" srcset=\"https:\/\/madi.n0disp0.click\/wp-content\/uploads\/2025\/09\/hoy-es-lunes.jpg 700w, https:\/\/madi.n0disp0.click\/wp-content\/uploads\/2025\/09\/hoy-es-lunes-300x258.jpg 300w\" sizes=\"auto, (max-width: 700px) 100vw, 700px\" \/><\/figure>\n\n\n\n<p><\/p>\n\n\n\n<p><\/p>\n\n\n\n<p class=\"has-text-align-center\"><strong>COMIDA<\/strong><\/p>\n\n\n\n<div class=\"wp-block-cover is-light\"><img loading=\"lazy\" decoding=\"async\" width=\"828\" height=\"828\" class=\"wp-block-cover__image-background wp-image-231 size-full\" alt=\"\" src=\"http:\/\/madi.n0disp0.click\/wp-content\/uploads\/2025\/09\/Ensalada-templada-de-arroz.jpeg\" data-object-fit=\"cover\" srcset=\"https:\/\/madi.n0disp0.click\/wp-content\/uploads\/2025\/09\/Ensalada-templada-de-arroz.jpeg 828w, https:\/\/madi.n0disp0.click\/wp-content\/uploads\/2025\/09\/Ensalada-templada-de-arroz-300x300.jpeg 300w, https:\/\/madi.n0disp0.click\/wp-content\/uploads\/2025\/09\/Ensalada-templada-de-arroz-150x150.jpeg 150w, https:\/\/madi.n0disp0.click\/wp-content\/uploads\/2025\/09\/Ensalada-templada-de-arroz-768x768.jpeg 768w\" sizes=\"auto, (max-width: 828px) 100vw, 828px\" \/><span aria-hidden=\"true\" class=\"wp-block-cover__background has-background-dim\" style=\"background-color:#968574\"><\/span><div class=\"wp-block-cover__inner-container is-layout-flow wp-block-cover-is-layout-flow\">\n<h6 class=\"wp-block-heading has-text-align-center has-base-color has-text-color has-link-color has-large-font-size wp-elements-775249d38a05ac840b40274c7808feb1\"><strong><em>ENSALADA TEMPLADA DE ARROZ<\/em><\/strong><\/h6>\n<\/div><\/div>\n\n\n\n<div class=\"wp-block-group has-global-padding is-layout-constrained wp-block-group-is-layout-constrained\">\n<p>Cuece el arroz con los guisantes y un poco de sal siguiendo las instrucciones del envase<\/p>\n\n\n\n<p>Cuece las jud\u00edas verdes con un poco de sal y reserva<\/p>\n\n\n\n<p>Una vez cocido, reserva<\/p>\n\n\n\n<p>Corta el tomate en taquitos<\/p>\n\n\n\n<p>A\u00f1ade al arroz, el tomate, el at\u00fan y las jud\u00edas<\/p>\n\n\n\n<p>Ali\u00f1a con el aceite de oliva y zumo de lim\u00f3n al gusto<\/p>\n<\/div>\n\n\n\n<p><\/p>\n\n\n\n<ul class=\"wp-block-list\">\n<li>Aceite de oliva virgen extra -&gt; 1 cucharada<\/li>\n\n\n\n<li>Arroz integral, arroz basmati integral o arroz basmati \u2192 60 gramos<\/li>\n\n\n\n<li>Lata de at\u00fan al natural bajo en sal -&gt; 120 gramos<\/li>\n\n\n\n<li>can\u00f3nigos -&gt; 2 pu\u00f1ados<\/li>\n\n\n\n<li>guisantes congelados -&gt; 2 cucharadas<\/li>\n\n\n\n<li>jud\u00edas verdes \u2192 200 gramos<\/li>\n\n\n\n<li>lim\u00f3n -&gt; 1\/2 unidades<\/li>\n\n\n\n<li>tomate \u2192 1 unidad<\/li>\n\n\n\n<li>Sal<\/li>\n<\/ul>\n\n\n\n<p><\/p>\n\n\n\n<p class=\"has-text-align-center\"><strong>CENA<\/strong><\/p>\n\n\n\n<div class=\"wp-block-cover is-light\"><img loading=\"lazy\" decoding=\"async\" width=\"1024\" height=\"683\" class=\"wp-block-cover__image-background wp-image-210 size-large\" alt=\"\" src=\"http:\/\/madi.n0disp0.click\/wp-content\/uploads\/2025\/09\/Crema-de-calabaza-1024x683.jpg\" data-object-fit=\"cover\" srcset=\"https:\/\/madi.n0disp0.click\/wp-content\/uploads\/2025\/09\/Crema-de-calabaza-1024x683.jpg 1024w, https:\/\/madi.n0disp0.click\/wp-content\/uploads\/2025\/09\/Crema-de-calabaza-300x200.jpg 300w, https:\/\/madi.n0disp0.click\/wp-content\/uploads\/2025\/09\/Crema-de-calabaza-768x512.jpg 768w, https:\/\/madi.n0disp0.click\/wp-content\/uploads\/2025\/09\/Crema-de-calabaza.jpg 1200w\" sizes=\"auto, (max-width: 1024px) 100vw, 1024px\" \/><span aria-hidden=\"true\" class=\"wp-block-cover__background has-background-dim\" style=\"background-color:#d4c2ac\"><\/span><div class=\"wp-block-cover__inner-container is-layout-flow wp-block-cover-is-layout-flow\">\n<h6 class=\"wp-block-heading has-text-align-center has-base-color has-text-color has-link-color has-large-font-size wp-elements-f3cd0f6d8431aac46afa89721ed576c7\"><strong><em>CREMA DE CALABAZA<\/em><\/strong><\/h6>\n<\/div><\/div>\n\n\n\n<div class=\"wp-block-group has-global-padding is-layout-constrained wp-block-group-is-layout-constrained\">\n<p>Corta la calabaza en trozos medianos-peque\u00f1os, ponlos en una cacerola con<\/p>\n\n\n\n<p>suficiente agua y\/o caldo de verduras como para cubrirlos, ponlo a fuego fuerte,<\/p>\n\n\n\n<p>tapado, hasta que entre en ebullici\u00f3n. Baja el fuego y deja que se cueza hasta que<\/p>\n\n\n\n<p>est\u00e9 tierna Ret\u00edra del fuego y b\u00e1telo con la batidora 3-4 minutos a potencia alta, hasta<\/p>\n\n\n\n<p>que no queden trocitos visibles. Pru\u00e9balo y a\u00f1ade sal y nuez moscada o pimienta al<\/p>\n\n\n\n<p>gusto. Para que la crema te quede m\u00e1s fina, p\u00e1sala por un colador o por un chino<\/p>\n\n\n\n<p>despu\u00e9s de batirla<\/p>\n<\/div>\n\n\n\n<div class=\"wp-block-group has-global-padding is-layout-constrained wp-block-group-is-layout-constrained\">\n<p>Observaciones: Si vas con el tiempo justo, puedes comprarla preparada a\u00f1ade un poco de agua para bajar su porcentaje de sal. Toma una taza (250ml)<\/p>\n<\/div>\n\n\n\n<ul class=\"wp-block-list\">\n<li>calabaza \u2014 250 gramos<\/li>\n\n\n\n<li>Nuez moscada, pimienta, sal<\/li>\n<\/ul>\n\n\n\n<p><\/p>\n\n\n\n<p><\/p>\n\n\n\n<div class=\"wp-block-cover is-light\"><img loading=\"lazy\" decoding=\"async\" width=\"1024\" height=\"683\" class=\"wp-block-cover__image-background wp-image-269 size-large\" alt=\"\" src=\"http:\/\/madi.n0disp0.click\/wp-content\/uploads\/2025\/09\/Revuelto-de-huevo-con-pavo-1024x683.jpg\" data-object-fit=\"cover\" srcset=\"https:\/\/madi.n0disp0.click\/wp-content\/uploads\/2025\/09\/Revuelto-de-huevo-con-pavo-1024x683.jpg 1024w, https:\/\/madi.n0disp0.click\/wp-content\/uploads\/2025\/09\/Revuelto-de-huevo-con-pavo-300x200.jpg 300w, https:\/\/madi.n0disp0.click\/wp-content\/uploads\/2025\/09\/Revuelto-de-huevo-con-pavo-768x512.jpg 768w, https:\/\/madi.n0disp0.click\/wp-content\/uploads\/2025\/09\/Revuelto-de-huevo-con-pavo.jpg 1254w\" sizes=\"auto, (max-width: 1024px) 100vw, 1024px\" \/><span aria-hidden=\"true\" class=\"wp-block-cover__background has-background-dim\" style=\"background-color:#b19e86\"><\/span><div class=\"wp-block-cover__inner-container is-layout-flow wp-block-cover-is-layout-flow\">\n<h6 class=\"wp-block-heading has-text-align-center has-base-color has-text-color has-link-color has-large-font-size wp-elements-14a82596b0f7022feb2bd1716f463b79\"><strong><em>REVUELTO DE HUEVO CON PAVO<\/em><\/strong><\/h6>\n<\/div><\/div>\n\n\n\n<div class=\"wp-block-group has-global-padding is-layout-constrained wp-block-group-is-layout-constrained\">\n<p>Enrolla la pechuga de pavo y corta en rodajas<\/p>\n\n\n\n<p>Bate el huevo y a\u00f1ade la pechuga de pavo y un poco de sal y pimienta y prepara el . revuelto con un toque de aceite en spray<\/p>\n<\/div>\n\n\n\n<ul class=\"wp-block-list\">\n<li>Pavo en lonchas \u2014 50 gramos<\/li>\n\n\n\n<li>Huevo = 1 unidad<\/li>\n\n\n\n<li>Pimienta, sal<\/li>\n<\/ul>\n\n\n\n<p><\/p>\n\n\n\n<p class=\"has-text-align-center\"><strong><em>MARTES<\/em><\/strong><\/p>\n\n\n\n<figure class=\"wp-block-image size-large\"><img loading=\"lazy\" decoding=\"async\" width=\"683\" height=\"1024\" src=\"http:\/\/madi.n0disp0.click\/wp-content\/uploads\/2025\/09\/martes-683x1024.jpg\" alt=\"\" class=\"wp-image-258\" srcset=\"https:\/\/madi.n0disp0.click\/wp-content\/uploads\/2025\/09\/martes-683x1024.jpg 683w, https:\/\/madi.n0disp0.click\/wp-content\/uploads\/2025\/09\/martes-200x300.jpg 200w, https:\/\/madi.n0disp0.click\/wp-content\/uploads\/2025\/09\/martes.jpg 735w\" sizes=\"auto, (max-width: 683px) 100vw, 683px\" \/><\/figure>\n\n\n\n<p><\/p>\n\n\n\n<p class=\"has-text-align-center\"><strong>COMIDA<\/strong><\/p>\n\n\n\n<div class=\"wp-block-cover is-light\"><img loading=\"lazy\" decoding=\"async\" width=\"617\" height=\"547\" class=\"wp-block-cover__image-background wp-image-223 size-full\" alt=\"\" src=\"http:\/\/madi.n0disp0.click\/wp-content\/uploads\/2025\/09\/Ensalada-de-pavo-a-la-plancha-con-kiwi.jpg\" data-object-fit=\"cover\" srcset=\"https:\/\/madi.n0disp0.click\/wp-content\/uploads\/2025\/09\/Ensalada-de-pavo-a-la-plancha-con-kiwi.jpg 617w, https:\/\/madi.n0disp0.click\/wp-content\/uploads\/2025\/09\/Ensalada-de-pavo-a-la-plancha-con-kiwi-300x266.jpg 300w\" sizes=\"auto, (max-width: 617px) 100vw, 617px\" \/><span aria-hidden=\"true\" class=\"wp-block-cover__background has-background-dim\" style=\"background-color:#b48f66\"><\/span><div class=\"wp-block-cover__inner-container is-layout-flow wp-block-cover-is-layout-flow\">\n<h6 class=\"wp-block-heading has-text-align-center has-base-color has-text-color has-link-color has-large-font-size wp-elements-165ea28be8d9daf5e68e74e7ea6d3b38\"><em><strong>ENSALADA DE PAVO A LA PLANCHA CON KIWI<\/strong><\/em><\/h6>\n<\/div><\/div>\n\n\n\n<p>Lava las lechugas, escurre , corta en tiras y pon en un plato Prepara el pavo a la plancha con un toque de aceite en spray un poco de sal y pimienta al gusto. Una vez listo, corta en tiras Pela el kiwi, corta en medias rodajas A\u00f1ade el kiwi y el pavo a la ensalada Ali\u00f1a con el aceite de oliva virgen extra y zumo de lim\u00f3n o vinagre de manzana al gusto<\/p>\n\n\n\n<p>Observaciones: Si o te gusta el pavo, puedes sustituirlo por pollo. Si no te gusta el kiwi \u00bfO no puedes tomarlo, sustit\u00fayelo por mango o papaya . Como postre, si no te quedas saciada, elige gelatina light<\/p>\n\n\n\n<ul class=\"wp-block-list\">\n<li>Aceite de oliva virgen extra \u2014 1 cucharada<\/li>\n\n\n\n<li>Pechuga de pavo \u2014 100 gramos<\/li>\n\n\n\n<li>ensalada de brotes tiernos =2 pu\u00f1ados<\/li>\n\n\n\n<li>kiwi = 1 unidad<\/li>\n\n\n\n<li>Pimienta, sal, vinagre de manzana<\/li>\n<\/ul>\n\n\n\n<p><\/p>\n\n\n\n<p class=\"has-text-align-center\"><strong>CENA<\/strong><\/p>\n\n\n\n<div class=\"wp-block-cover is-light\"><img loading=\"lazy\" decoding=\"async\" width=\"1024\" height=\"683\" class=\"wp-block-cover__image-background wp-image-261 size-large\" alt=\"\" src=\"http:\/\/madi.n0disp0.click\/wp-content\/uploads\/2025\/09\/Merluza-con-guarnicion-de-lentejas-con-verduras-1024x683.jpg\" data-object-fit=\"cover\" srcset=\"https:\/\/madi.n0disp0.click\/wp-content\/uploads\/2025\/09\/Merluza-con-guarnicion-de-lentejas-con-verduras-1024x683.jpg 1024w, https:\/\/madi.n0disp0.click\/wp-content\/uploads\/2025\/09\/Merluza-con-guarnicion-de-lentejas-con-verduras-300x200.jpg 300w, https:\/\/madi.n0disp0.click\/wp-content\/uploads\/2025\/09\/Merluza-con-guarnicion-de-lentejas-con-verduras-768x512.jpg 768w, https:\/\/madi.n0disp0.click\/wp-content\/uploads\/2025\/09\/Merluza-con-guarnicion-de-lentejas-con-verduras.jpg 1200w\" sizes=\"auto, (max-width: 1024px) 100vw, 1024px\" \/><span aria-hidden=\"true\" class=\"wp-block-cover__background has-background-dim\" style=\"background-color:#cab09b\"><\/span><div class=\"wp-block-cover__inner-container is-layout-flow wp-block-cover-is-layout-flow\">\n<h6 class=\"wp-block-heading has-text-align-center has-base-color has-text-color has-link-color has-large-font-size wp-elements-395dba1e25220c86dadac59a6eda8aff\"><em><strong>MERLUZA A LA PLANCHA CON GUARNICION DE VERDURAS<\/strong><\/em><\/h6>\n<\/div><\/div>\n\n\n\n<p>Corta la zanahoria en rodajas o bastoncitos Corta el pimiento en daditos Cuece las jud\u00edas verdes, la zanahoria y los pimientos con un poco de sal. Una vez cocidos, escurre y reserva Prepara la merluza a la plancha con un toque de aceite en spray, sal y pimienta u otras especias que te gusten Ali\u00f1a los vegetales con una cucharada de aceite de oliva virgen extra y vinagre de manzana al gusto (opcional)<\/p>\n\n\n\n<p>Observaciones: Si no te gusta la merluza, puedes sustituirla por otro pescado que te guste m\u00e1s<\/p>\n\n\n\n<ul class=\"wp-block-list\">\n<li>Aceite de oliva virgen extra \u2014 1 cucharada<\/li>\n\n\n\n<li>Merluza \u2014 120 gramos<\/li>\n\n\n\n<li>jud\u00edas verdes congeladas \u2014 200 gramos<\/li>\n\n\n\n<li>pimiento rojo \u2014= 1\/4 unidades<\/li>\n\n\n\n<li>zanahoria \u2014 1 unidad<\/li>\n\n\n\n<li>Pimienta, sal<\/li>\n<\/ul>\n\n\n\n<p><\/p>\n\n\n\n<p class=\"has-text-align-center\"><strong><em>MI\u00c9RCOLES<\/em><\/strong><\/p>\n\n\n\n<figure class=\"wp-block-image size-full\"><img loading=\"lazy\" decoding=\"async\" width=\"691\" height=\"691\" src=\"http:\/\/madi.n0disp0.click\/wp-content\/uploads\/2025\/09\/happy-wednesday-motivational-quote-wednesday.jpg\" alt=\"\" class=\"wp-image-244\" srcset=\"https:\/\/madi.n0disp0.click\/wp-content\/uploads\/2025\/09\/happy-wednesday-motivational-quote-wednesday.jpg 691w, https:\/\/madi.n0disp0.click\/wp-content\/uploads\/2025\/09\/happy-wednesday-motivational-quote-wednesday-300x300.jpg 300w, https:\/\/madi.n0disp0.click\/wp-content\/uploads\/2025\/09\/happy-wednesday-motivational-quote-wednesday-150x150.jpg 150w\" sizes=\"auto, (max-width: 691px) 100vw, 691px\" \/><\/figure>\n\n\n\n<p><\/p>\n\n\n\n<p class=\"has-text-align-center\"><strong>COMIDA<\/strong><\/p>\n\n\n\n<div class=\"wp-block-cover is-light\"><img loading=\"lazy\" decoding=\"async\" width=\"848\" height=\"477\" class=\"wp-block-cover__image-background wp-image-268 size-full\" alt=\"\" src=\"http:\/\/madi.n0disp0.click\/wp-content\/uploads\/2025\/09\/Quinoa-gratinada-con-huevo-y-tomatitos.jpg\" data-object-fit=\"cover\" srcset=\"https:\/\/madi.n0disp0.click\/wp-content\/uploads\/2025\/09\/Quinoa-gratinada-con-huevo-y-tomatitos.jpg 848w, https:\/\/madi.n0disp0.click\/wp-content\/uploads\/2025\/09\/Quinoa-gratinada-con-huevo-y-tomatitos-300x169.jpg 300w, https:\/\/madi.n0disp0.click\/wp-content\/uploads\/2025\/09\/Quinoa-gratinada-con-huevo-y-tomatitos-768x432.jpg 768w\" sizes=\"auto, (max-width: 848px) 100vw, 848px\" \/><span aria-hidden=\"true\" class=\"wp-block-cover__background has-background-dim\" style=\"background-color:#b0a896\"><\/span><div class=\"wp-block-cover__inner-container is-layout-flow wp-block-cover-is-layout-flow\">\n<h6 class=\"wp-block-heading has-text-align-center has-base-color has-text-color has-link-color has-large-font-size wp-elements-b02ae6dac2e63c586b2c809820bfed44\"><strong><em>QUINOA GRATINADA CON HUEVO Y TOMATITOS<\/em><\/strong><\/h6>\n<\/div><\/div>\n\n\n\n<p>Cuece la quinoa con un poco de sal siguiendo las instrucciones del envase, una vez cocida reserva en un plato Lava los tomates y prepara a la plancha con un toque de aceite en spray sal y pimienta Prepara los huevos a la plancha Una vez listos a\u00f1ade los tomates por encima de la quinoa, los huevos un poco de or\u00e9gano al gusto y 25g de queso rallado bajo en grasa o queso vegetal, introduce al micrroondas 1 minuto o hasta que veas que el queso est\u00e1 derretido y listo <\/p>\n\n\n\n<p>Observaciones: Si vas con el tiempo justo puedes comprar la quinoa ya cocida, la cantidad es el doble que la indicada en la lista de ingredientes<\/p>\n\n\n\n<ul class=\"wp-block-list\">\n<li>Huevo \u2014 2 unidades<\/li>\n\n\n\n<li>Quinoa \u2014 60 gramos<\/li>\n\n\n\n<li>tomates cherry \u2014 200 gramos<\/li>\n\n\n\n<li>Or\u00e9gano, pimienta, sal<\/li>\n<\/ul>\n\n\n\n<p><\/p>\n\n\n\n<p><\/p>\n\n\n\n<p class=\"has-text-align-center\"><strong>CENA<\/strong><\/p>\n\n\n\n<div class=\"wp-block-cover is-light\"><img loading=\"lazy\" decoding=\"async\" width=\"1024\" height=\"512\" class=\"wp-block-cover__image-background wp-image-253 size-large\" alt=\"\" src=\"http:\/\/madi.n0disp0.click\/wp-content\/uploads\/2025\/09\/Lomo-de-cerdo-con-verduras-a-la-plancha-1024x512.jpg\" data-object-fit=\"cover\" srcset=\"https:\/\/madi.n0disp0.click\/wp-content\/uploads\/2025\/09\/Lomo-de-cerdo-con-verduras-a-la-plancha-1024x512.jpg 1024w, https:\/\/madi.n0disp0.click\/wp-content\/uploads\/2025\/09\/Lomo-de-cerdo-con-verduras-a-la-plancha-300x150.jpg 300w, https:\/\/madi.n0disp0.click\/wp-content\/uploads\/2025\/09\/Lomo-de-cerdo-con-verduras-a-la-plancha-768x384.jpg 768w, https:\/\/madi.n0disp0.click\/wp-content\/uploads\/2025\/09\/Lomo-de-cerdo-con-verduras-a-la-plancha.jpg 1200w\" sizes=\"auto, (max-width: 1024px) 100vw, 1024px\" \/><span aria-hidden=\"true\" class=\"wp-block-cover__background has-background-dim\" style=\"background-color:#e1c5a5\"><\/span><div class=\"wp-block-cover__inner-container is-layout-flow wp-block-cover-is-layout-flow\">\n<h6 class=\"wp-block-heading has-text-align-center has-base-color has-text-color has-link-color has-large-font-size wp-elements-3549857450c9e4614dd925a5890fdf73\"><strong><em>LOMO DE CERDO CON VERDURAS A LA PLANCHA<\/em><\/strong><\/h6>\n<\/div><\/div>\n\n\n\n<p>Prepara los tomates cherry a la plancha y los esp\u00e1rragos verdes con un toque de aceite en spray, sal y pimienta Prepara el lomo de cerdo a la plancha con un toque de aceite en spray, sal y romero u otras especias que te gusten m\u00e1s y acompa\u00f1a con los vegetales<\/p>\n\n\n\n<p>Observaciones: Si no te gusta el lomo de cerdo, puede sustituirlo por pechuga de pollo<\/p>\n\n\n\n<ul class=\"wp-block-list\">\n<li>Aceite de oliva virgen extra \u2014 1 cucharada<\/li>\n\n\n\n<li>Lomo de cerdo \u2014= 100 gramos<\/li>\n\n\n\n<li>esp\u00e1rragos verdes \u2014 12 unidades<\/li>\n\n\n\n<li>tomates cherry \u2014 6 unidades<\/li>\n\n\n\n<li>Ajo, pimienta, romero, sal<\/li>\n<\/ul>\n\n\n\n<p><\/p>\n\n\n\n<p class=\"has-text-align-center\"><strong><em>JUEVES<\/em><\/strong><\/p>\n\n\n\n<figure class=\"wp-block-image size-full\"><img loading=\"lazy\" decoding=\"async\" width=\"550\" height=\"550\" src=\"http:\/\/madi.n0disp0.click\/wp-content\/uploads\/2025\/09\/meta-lunes-dieta.png\" alt=\"\" class=\"wp-image-263\" srcset=\"https:\/\/madi.n0disp0.click\/wp-content\/uploads\/2025\/09\/meta-lunes-dieta.png 550w, https:\/\/madi.n0disp0.click\/wp-content\/uploads\/2025\/09\/meta-lunes-dieta-300x300.png 300w, https:\/\/madi.n0disp0.click\/wp-content\/uploads\/2025\/09\/meta-lunes-dieta-150x150.png 150w\" sizes=\"auto, (max-width: 550px) 100vw, 550px\" \/><\/figure>\n\n\n\n<p><\/p>\n\n\n\n<p class=\"has-text-align-center\"><strong><em>COMIDA<\/em><\/strong><\/p>\n\n\n\n<div class=\"wp-block-cover\"><img loading=\"lazy\" decoding=\"async\" width=\"745\" height=\"478\" class=\"wp-block-cover__image-background wp-image-272 size-full\" alt=\"\" src=\"http:\/\/madi.n0disp0.click\/wp-content\/uploads\/2025\/09\/salmon-a-la-plancha.jpg\" data-object-fit=\"cover\" srcset=\"https:\/\/madi.n0disp0.click\/wp-content\/uploads\/2025\/09\/salmon-a-la-plancha.jpg 745w, https:\/\/madi.n0disp0.click\/wp-content\/uploads\/2025\/09\/salmon-a-la-plancha-300x192.jpg 300w\" sizes=\"auto, (max-width: 745px) 100vw, 745px\" \/><span aria-hidden=\"true\" class=\"wp-block-cover__background has-background-dim\" style=\"background-color:#866745\"><\/span><div class=\"wp-block-cover__inner-container is-layout-flow wp-block-cover-is-layout-flow\">\n<h6 class=\"wp-block-heading has-text-align-center has-base-color has-text-color has-link-color has-large-font-size wp-elements-230b30ddc1927c0329d887bb65275314\"><strong><em>SALMON A LA PLANCHA CON AJO Y PEREJIL Y GUARNICION DE BRECOL<\/em><\/strong><\/h6>\n<\/div><\/div>\n\n\n\n<p>Lava el br\u00e9col, corta en ramitas y cuece con un poco de sal, una vez cocido escurre y reserva . Prepara el salm\u00f3n a la plancha con un toque de aceite en spray poco de ajo picado o ajo en polvo, perejil picado y sal Ali\u00f1a el br\u00e9col con una cucharada de aceite de oliva virgen extra y acompa\u00f1a con el salm\u00f3n<\/p>\n\n\n\n<p>Observaciones: Si no puedes tomar br\u00e9col, sustit\u00fayelo por jud\u00edas verdes<\/p>\n\n\n\n<ul class=\"wp-block-list\">\n<li>Aceite de oliva virgen extra \u2014= 1 cucharada<\/li>\n\n\n\n<li>Salm\u00f3n = 120 gramos<\/li>\n\n\n\n<li>br\u00e9col = 200 gramos<\/li>\n\n\n\n<li>Ajo, perejil, sal<\/li>\n<\/ul>\n\n\n\n<p><\/p>\n\n\n\n<p class=\"has-text-align-center\"><em>CENA<\/em><\/p>\n\n\n\n<div class=\"wp-block-cover is-light\"><img loading=\"lazy\" decoding=\"async\" width=\"849\" height=\"565\" class=\"wp-block-cover__image-background wp-image-222 size-full\" alt=\"\" src=\"http:\/\/madi.n0disp0.click\/wp-content\/uploads\/2025\/09\/Ensalada-de-arandanos.jpg\" data-object-fit=\"cover\" srcset=\"https:\/\/madi.n0disp0.click\/wp-content\/uploads\/2025\/09\/Ensalada-de-arandanos.jpg 849w, https:\/\/madi.n0disp0.click\/wp-content\/uploads\/2025\/09\/Ensalada-de-arandanos-300x200.jpg 300w, https:\/\/madi.n0disp0.click\/wp-content\/uploads\/2025\/09\/Ensalada-de-arandanos-768x511.jpg 768w\" sizes=\"auto, (max-width: 849px) 100vw, 849px\" \/><span aria-hidden=\"true\" class=\"wp-block-cover__background has-background-dim\" style=\"background-color:#aea59c\"><\/span><div class=\"wp-block-cover__inner-container is-layout-flow wp-block-cover-is-layout-flow\">\n<h6 class=\"wp-block-heading has-text-align-center has-base-color has-text-color has-link-color has-large-font-size wp-elements-1baef0a3d07abf771707b6d2e24b219f\"><strong><em>ENSALADA DE ARANDANOS<\/em><\/strong><\/h6>\n<\/div><\/div>\n\n\n\n<p>Pon en el plato la r\u00facula y los can\u00f3nigos Corta el queso en daditos A\u00f1ade los ar\u00e1ndanos y los tomates cherry cortados en mitades Ali\u00f1a con el aceite de oliva y unas gotas de crema de bals\u00e1mico de m\u00f3dena o un chorrito de vinagre de m\u00f3dena.<\/p>\n\n\n\n<p>Observaciones: Sino puedes tomar frutos rojos, sustit\u00fayelos por pera o manzana . En la receta te sugiero ar\u00e1ndanos pero puedes a\u00f1adir cualquier fruto rojo, ar\u00e1ndanos, frambuesas, fresas &#8230;<\/p>\n\n\n\n<ul class=\"wp-block-list\">\n<li>Aceite de oliva virgen extra \u2014 1 cucharada<\/li>\n\n\n\n<li>Queso fresco desnatado \u2014 100 gramos<\/li>\n\n\n\n<li>frutos rojos \u2014 100 gramos<\/li>\n\n\n\n<li>mezcla de r\u00facula y can\u00f3nigos \u2014 2 pu\u00f1ados<\/li>\n\n\n\n<li>tomates cherry \u2014 10 unidades<\/li>\n<\/ul>\n\n\n\n<p><\/p>\n\n\n\n<p class=\"has-text-align-center\"><strong><em>VIERNES<\/em><\/strong><\/p>\n\n\n\n<figure class=\"wp-block-image size-full\"><img loading=\"lazy\" decoding=\"async\" width=\"240\" height=\"243\" src=\"http:\/\/madi.n0disp0.click\/wp-content\/uploads\/2025\/09\/image-4.png\" alt=\"\" class=\"wp-image-307\"\/><\/figure>\n\n\n\n<p><\/p>\n\n\n\n<p class=\"has-text-align-center\"><strong><em>COMIDA<\/em><\/strong><\/p>\n\n\n\n<div class=\"wp-block-cover\"><img loading=\"lazy\" decoding=\"async\" width=\"1024\" height=\"631\" class=\"wp-block-cover__image-background wp-image-243 size-full\" alt=\"\" src=\"http:\/\/madi.n0disp0.click\/wp-content\/uploads\/2025\/09\/Hamburguesa-de-pollo-con-vegetales-y-aguacate-1.jpg\" data-object-fit=\"cover\" srcset=\"https:\/\/madi.n0disp0.click\/wp-content\/uploads\/2025\/09\/Hamburguesa-de-pollo-con-vegetales-y-aguacate-1.jpg 1024w, https:\/\/madi.n0disp0.click\/wp-content\/uploads\/2025\/09\/Hamburguesa-de-pollo-con-vegetales-y-aguacate-1-300x185.jpg 300w, https:\/\/madi.n0disp0.click\/wp-content\/uploads\/2025\/09\/Hamburguesa-de-pollo-con-vegetales-y-aguacate-1-768x473.jpg 768w\" sizes=\"auto, (max-width: 1024px) 100vw, 1024px\" \/><span aria-hidden=\"true\" class=\"wp-block-cover__background has-background-dim\" style=\"background-color:#897b55\"><\/span><div class=\"wp-block-cover__inner-container is-layout-flow wp-block-cover-is-layout-flow\">\n<h6 class=\"wp-block-heading has-text-align-center has-base-color has-text-color has-link-color has-large-font-size wp-elements-3b07a9eba2705b1ee158270882c641ca\"><strong><em>HAMBURGUESA DE POLLO CON VEGETALES Y AGUACATE<\/em><\/strong><\/h6>\n<\/div><\/div>\n\n\n\n<div class=\"wp-block-group has-global-padding is-content-justification-left is-layout-constrained wp-container-core-group-is-layout-12dd3699 wp-block-group-is-layout-constrained\">\n<p>Lava la lechuga y corta en tiras Corta unas rodajas de tomate y de cebolla<\/p>\n\n\n\n<p>Ralla un poco de zanahoria Prepara la hamburguesa de pollo a la plancha con un toque de aceite en spray<\/p>\n\n\n\n<p>Pela el aguacate y corta en rodajas Pon en el pan la hamburguesa, los vegetales y el aguacate y un poco de pimienta y sal y lista<\/p>\n\n\n\n<p>Observaciones: Si no te gusta el aguacate o no puedes tomarlo, puedes sustituirlo por una cucharada de mayonesa<\/p>\n<\/div>\n\n\n\n<ul class=\"wp-block-list\">\n<li>Hamburguesa de pollo = 100 gramos<\/li>\n\n\n\n<li>Sandwich pan integral &#8211; peso rebanada &#8211; 30g<\/li>\n\n\n\n<li>aguacate \u2014 60 gramos<\/li>\n<\/ul>\n\n\n\n<p><\/p>\n\n\n\n<p class=\"has-text-align-center\"><strong><em>CENA<\/em><\/strong><\/p>\n\n\n\n<div class=\"wp-block-cover is-light\"><img loading=\"lazy\" decoding=\"async\" width=\"1024\" height=\"680\" class=\"wp-block-cover__image-background wp-image-213 size-large\" alt=\"\" src=\"http:\/\/madi.n0disp0.click\/wp-content\/uploads\/2025\/09\/Crema-de-esparragos-scaled-1-1024x680.jpg\" data-object-fit=\"cover\" srcset=\"https:\/\/madi.n0disp0.click\/wp-content\/uploads\/2025\/09\/Crema-de-esparragos-scaled-1-1024x680.jpg 1024w, https:\/\/madi.n0disp0.click\/wp-content\/uploads\/2025\/09\/Crema-de-esparragos-scaled-1-300x199.jpg 300w, https:\/\/madi.n0disp0.click\/wp-content\/uploads\/2025\/09\/Crema-de-esparragos-scaled-1-768x510.jpg 768w, https:\/\/madi.n0disp0.click\/wp-content\/uploads\/2025\/09\/Crema-de-esparragos-scaled-1-1536x1019.jpg 1536w, https:\/\/madi.n0disp0.click\/wp-content\/uploads\/2025\/09\/Crema-de-esparragos-scaled-1-2048x1359.jpg 2048w\" sizes=\"auto, (max-width: 1024px) 100vw, 1024px\" \/><span aria-hidden=\"true\" class=\"wp-block-cover__background has-background-dim\" style=\"background-color:#9b997f\"><\/span><div class=\"wp-block-cover__inner-container is-layout-flow wp-block-cover-is-layout-flow\">\n<h6 class=\"wp-block-heading has-text-align-center has-base-color has-text-color has-link-color has-large-font-size wp-elements-20644097224ad0cd8dac7594cce2516d\"><strong><em>CREMA DE ESPARRAGOS<\/em><\/strong><\/h6>\n<\/div><\/div>\n\n\n\n<p>Pela la cebolla y corta en dados Lava el puerro, elimina las partes m\u00e1s verdes y corta en rodajas Corta los esparragos en trozos Cuece todos los vegetales con un poco de sal, una vez cocidos espera a que se templen y a\u00f1ade al vaso de la batidora con un poco del agua de cocci\u00f3n y bate hasta que los ingredientes est\u00e9n homogeneizados. Si te gusta con una consistencia m\u00e1s fina puedes pasar la crema por un chino y pon en un plato Puedes a\u00f1adir un poco de pimienta o cebollino picado<\/p>\n\n\n\n<p>Observaciones: Si vas con el tiempo justo puedes comprarla la crema de esp\u00e1rragos ya preparada, toma 250 ml<\/p>\n\n\n\n<ul class=\"wp-block-list\">\n<li>cebolla \u2014 1\/2 unidades<\/li>\n\n\n\n<li>esp\u00e1rragos verdes \u2014 200 gramos<\/li>\n\n\n\n<li>puerro = 1 unidad<\/li>\n<\/ul>\n\n\n\n<p><\/p>\n\n\n\n<div class=\"wp-block-cover is-light\"><img loading=\"lazy\" decoding=\"async\" width=\"600\" height=\"900\" class=\"wp-block-cover__image-background wp-image-286 size-full\" alt=\"\" src=\"http:\/\/madi.n0disp0.click\/wp-content\/uploads\/2025\/09\/Tortilla-francesa-con-perejil-y-aguacate.jpg\" data-object-fit=\"cover\" srcset=\"https:\/\/madi.n0disp0.click\/wp-content\/uploads\/2025\/09\/Tortilla-francesa-con-perejil-y-aguacate.jpg 600w, https:\/\/madi.n0disp0.click\/wp-content\/uploads\/2025\/09\/Tortilla-francesa-con-perejil-y-aguacate-200x300.jpg 200w\" sizes=\"auto, (max-width: 600px) 100vw, 600px\" \/><span aria-hidden=\"true\" class=\"wp-block-cover__background has-background-dim\" style=\"background-color:#b2ac95\"><\/span><div class=\"wp-block-cover__inner-container is-layout-flow wp-block-cover-is-layout-flow\">\n<h6 class=\"wp-block-heading has-text-align-center has-base-color has-text-color has-link-color has-large-font-size wp-elements-1bef8c18924d2705c8bb46fbaea94050\"><strong><em>TORTILLA FRANCESA CON PEREFIL Y AGUACATE<\/em><\/strong><\/h6>\n<\/div><\/div>\n\n\n\n<p>Bate los huevos, a\u00f1ade un poco de perejil picado y sal y prepara la tortilla francesa con un toque de aceite en spray Pela el aguacate , corta en rodajas a\u00f1ade un poco de pimienta y acompa\u00f1a con la tortilla<\/p>\n\n\n\n<p>Observaciones: Si no te gusta el perejil, puedes sustituirlo por eneldo<\/p>\n\n\n\n<ul class=\"wp-block-list\">\n<li>Huevo \u2014 2 unidades<\/li>\n\n\n\n<li>aguacate \u2014 50 gramos<\/li>\n\n\n\n<li>Perejil, sal<\/li>\n<\/ul>\n\n\n\n<p class=\"has-text-align-center\"><strong><em>S\u00c1BADO<\/em><\/strong><\/p>\n\n\n\n<figure class=\"wp-block-image size-large\"><img loading=\"lazy\" decoding=\"async\" width=\"1024\" height=\"1024\" src=\"http:\/\/madi.n0disp0.click\/wp-content\/uploads\/2025\/09\/sabado-excusas-1024x1024.jpg\" alt=\"\" class=\"wp-image-270\" srcset=\"https:\/\/madi.n0disp0.click\/wp-content\/uploads\/2025\/09\/sabado-excusas-1024x1024.jpg 1024w, https:\/\/madi.n0disp0.click\/wp-content\/uploads\/2025\/09\/sabado-excusas-300x300.jpg 300w, https:\/\/madi.n0disp0.click\/wp-content\/uploads\/2025\/09\/sabado-excusas-150x150.jpg 150w, https:\/\/madi.n0disp0.click\/wp-content\/uploads\/2025\/09\/sabado-excusas-768x768.jpg 768w, https:\/\/madi.n0disp0.click\/wp-content\/uploads\/2025\/09\/sabado-excusas.jpg 1334w\" sizes=\"auto, (max-width: 1024px) 100vw, 1024px\" \/><\/figure>\n\n\n\n<p class=\"has-text-align-center\"><strong><em>COMIDA<\/em><\/strong><\/p>\n\n\n\n<div class=\"wp-block-cover is-light\"><img loading=\"lazy\" decoding=\"async\" width=\"800\" height=\"800\" class=\"wp-block-cover__image-background wp-image-267 size-full\" alt=\"\" src=\"http:\/\/madi.n0disp0.click\/wp-content\/uploads\/2025\/09\/Pez-espada-a-la-plancha-con-judias-verdes.jpg\" data-object-fit=\"cover\" srcset=\"https:\/\/madi.n0disp0.click\/wp-content\/uploads\/2025\/09\/Pez-espada-a-la-plancha-con-judias-verdes.jpg 800w, https:\/\/madi.n0disp0.click\/wp-content\/uploads\/2025\/09\/Pez-espada-a-la-plancha-con-judias-verdes-300x300.jpg 300w, https:\/\/madi.n0disp0.click\/wp-content\/uploads\/2025\/09\/Pez-espada-a-la-plancha-con-judias-verdes-150x150.jpg 150w, https:\/\/madi.n0disp0.click\/wp-content\/uploads\/2025\/09\/Pez-espada-a-la-plancha-con-judias-verdes-768x768.jpg 768w\" sizes=\"auto, (max-width: 800px) 100vw, 800px\" \/><span aria-hidden=\"true\" class=\"wp-block-cover__background has-background-dim\" style=\"background-color:#bb9768\"><\/span><div class=\"wp-block-cover__inner-container is-layout-flow wp-block-cover-is-layout-flow\">\n<h6 class=\"wp-block-heading has-text-align-center has-base-color has-text-color has-link-color has-large-font-size wp-elements-4c8b3af722e9b3d332c6453d959fea24\"><strong><em>PEZ ESPADA A LA PLANCHA CON JUDIAS VERDES<\/em><\/strong><\/h6>\n<\/div><\/div>\n\n\n\n<div class=\"wp-block-group has-global-padding is-layout-constrained wp-block-group-is-layout-constrained\">\n<p>Cuece las jud\u00edas con un poco de sal Una vez cocidas prepara el pez espada a la plancha con un poco de sal<\/p>\n\n\n\n<p>Ali\u00f1a las jud\u00edas con el aceite de oliva y vinagre (opcional) y acompa\u00f1a del pez espada<\/p>\n\n\n\n<p>Observaciones: Si no te gusta el pez espada, puedes sustituirlo por at\u00fan o salm\u00f3n<\/p>\n<\/div>\n\n\n\n<ul class=\"wp-block-list\">\n<li>Aceite de oliva virgen extra \u2014 1 cucharada + Pezespada = 120 gramos<\/li>\n\n\n\n<li>jud\u00edas verdes \u2014 200 gramos<\/li>\n\n\n\n<li>Sal, vinagre de manzana<\/li>\n<\/ul>\n\n\n\n<p><\/p>\n\n\n\n<p class=\"has-text-align-center\"><strong><em>CENA<\/em><\/strong><\/p>\n\n\n\n<div class=\"wp-block-cover is-light\"><img loading=\"lazy\" decoding=\"async\" width=\"1024\" height=\"682\" class=\"wp-block-cover__image-background wp-image-226 size-large\" alt=\"\" src=\"http:\/\/madi.n0disp0.click\/wp-content\/uploads\/2025\/09\/ensalada-de-verduras-1024x682.jpg\" data-object-fit=\"cover\" srcset=\"https:\/\/madi.n0disp0.click\/wp-content\/uploads\/2025\/09\/ensalada-de-verduras-1024x682.jpg 1024w, https:\/\/madi.n0disp0.click\/wp-content\/uploads\/2025\/09\/ensalada-de-verduras-300x200.jpg 300w, https:\/\/madi.n0disp0.click\/wp-content\/uploads\/2025\/09\/ensalada-de-verduras-768x512.jpg 768w, https:\/\/madi.n0disp0.click\/wp-content\/uploads\/2025\/09\/ensalada-de-verduras-1536x1024.jpg 1536w, https:\/\/madi.n0disp0.click\/wp-content\/uploads\/2025\/09\/ensalada-de-verduras.jpg 1688w\" sizes=\"auto, (max-width: 1024px) 100vw, 1024px\" \/><span aria-hidden=\"true\" class=\"wp-block-cover__background has-background-dim\" style=\"background-color:#9f9374\"><\/span><div class=\"wp-block-cover__inner-container is-layout-flow wp-block-cover-is-layout-flow\">\n<h6 class=\"wp-block-heading has-text-align-center has-base-color has-text-color has-link-color has-large-font-size wp-elements-07fc2c4481a21794df55280ad0bd7b52\"><strong><em>ENSALADA BASICA DE VEGETALES<\/em><\/strong><\/h6>\n<\/div><\/div>\n\n\n\n<p>Lava la lechuga y corta en tiras<\/p>\n\n\n\n<p>Lava el pepino y corta en rodajas<\/p>\n\n\n\n<p>Corta la cebolla en medias lunas<\/p>\n\n\n\n<p>Corta los tomates cherry en mitades<\/p>\n\n\n\n<p>Ali\u00f1a con una cucharada de aceite de oliva virgen extra , sal y vinagre de manzana o zumo de lim\u00f3n al gusto<\/p>\n\n\n\n<ul class=\"wp-block-list\">\n<li>Observaciones: Si la lechuga o escarola te sienta mal, puedes a\u00f1adir can\u00f3nigos en lugar de lechuga<\/li>\n\n\n\n<li>Aceite de oliva virgen extra \u2014 1 cucharada<\/li>\n\n\n\n<li>cebolla = 1\/4 unidades<\/li>\n\n\n\n<li>lechuga\/escarola \u2014 2 pu\u00f1ados<\/li>\n\n\n\n<li>pepino \u2014 1\/4 unidades<\/li>\n\n\n\n<li>tomates cherry &#8211; 6 unidades<\/li>\n\n\n\n<li>Sal, vinagre de manzana<\/li>\n<\/ul>\n\n\n\n<p><\/p>\n\n\n\n<div class=\"wp-block-cover is-light\"><img loading=\"lazy\" decoding=\"async\" width=\"1000\" height=\"750\" class=\"wp-block-cover__image-background wp-image-248 size-full\" alt=\"\" src=\"http:\/\/madi.n0disp0.click\/wp-content\/uploads\/2025\/09\/langostinos-a-la-plancha.jpeg\" data-object-fit=\"cover\" srcset=\"https:\/\/madi.n0disp0.click\/wp-content\/uploads\/2025\/09\/langostinos-a-la-plancha.jpeg 1000w, https:\/\/madi.n0disp0.click\/wp-content\/uploads\/2025\/09\/langostinos-a-la-plancha-300x225.jpeg 300w, https:\/\/madi.n0disp0.click\/wp-content\/uploads\/2025\/09\/langostinos-a-la-plancha-768x576.jpeg 768w\" sizes=\"auto, (max-width: 1000px) 100vw, 1000px\" \/><span aria-hidden=\"true\" class=\"wp-block-cover__background has-background-dim\" style=\"background-color:#c7a8a2\"><\/span><div class=\"wp-block-cover__inner-container is-layout-flow wp-block-cover-is-layout-flow\">\n<h6 class=\"wp-block-heading has-text-align-center has-base-color has-text-color has-link-color has-large-font-size wp-elements-bfbe9ecce626f529d1025aaf94de02c1\"><strong><em>LANGOSTINOS A LA PLANCHA<\/em><\/strong><\/h6>\n<\/div><\/div>\n\n\n\n<p>Calienta la plancha y prepara los langostinos a la plancha con una pizca de sal Sirve en el plato y ali\u00f1a con zumo de lim\u00f3n<\/p>\n\n\n\n<p>Observaciones: Si no te gustan los langostinos o no puedes tomarlos sustituye por calamares o chipirones a la plancha con ajo y perejil<\/p>\n\n\n\n<ul class=\"wp-block-list\">\n<li>Langostinos = 120 gramos<\/li>\n\n\n\n<li>lim\u00f3n = 1\/2 unidades .<\/li>\n\n\n\n<li>Sal<\/li>\n<\/ul>\n\n\n\n<p><\/p>\n\n\n\n<p class=\"has-text-align-center\"><strong><em>DOMINGO<\/em><\/strong><\/p>\n\n\n\n<figure class=\"wp-block-image size-full\"><img loading=\"lazy\" decoding=\"async\" width=\"524\" height=\"720\" src=\"http:\/\/madi.n0disp0.click\/wp-content\/uploads\/2025\/09\/frases-dieta.jpg\" alt=\"\" class=\"wp-image-239\" srcset=\"https:\/\/madi.n0disp0.click\/wp-content\/uploads\/2025\/09\/frases-dieta.jpg 524w, https:\/\/madi.n0disp0.click\/wp-content\/uploads\/2025\/09\/frases-dieta-218x300.jpg 218w\" sizes=\"auto, (max-width: 524px) 100vw, 524px\" \/><\/figure>\n\n\n\n<p class=\"has-text-align-center\"><strong><em>COMIDA<\/em><\/strong><\/p>\n\n\n\n<div class=\"wp-block-cover is-light\"><img loading=\"lazy\" decoding=\"async\" width=\"1024\" height=\"819\" class=\"wp-block-cover__image-background wp-image-227 size-large\" alt=\"\" src=\"http:\/\/madi.n0disp0.click\/wp-content\/uploads\/2025\/09\/ensalada-mixta-con-atun-1024x819.jpg\" data-object-fit=\"cover\" srcset=\"https:\/\/madi.n0disp0.click\/wp-content\/uploads\/2025\/09\/ensalada-mixta-con-atun-1024x819.jpg 1024w, https:\/\/madi.n0disp0.click\/wp-content\/uploads\/2025\/09\/ensalada-mixta-con-atun-300x240.jpg 300w, https:\/\/madi.n0disp0.click\/wp-content\/uploads\/2025\/09\/ensalada-mixta-con-atun-768x614.jpg 768w, https:\/\/madi.n0disp0.click\/wp-content\/uploads\/2025\/09\/ensalada-mixta-con-atun.jpg 1200w\" sizes=\"auto, (max-width: 1024px) 100vw, 1024px\" \/><span aria-hidden=\"true\" class=\"wp-block-cover__background has-background-dim\" style=\"background-color:#b29c72\"><\/span><div class=\"wp-block-cover__inner-container is-layout-flow wp-block-cover-is-layout-flow\">\n<h6 class=\"wp-block-heading has-text-align-center has-base-color has-text-color has-link-color has-large-font-size wp-elements-ab457c416afb7c3e17f85c1f0e715611\"><strong><em>ENSALADA MIXTA CON AT\u00daN<\/em><\/strong><\/h6>\n<\/div><\/div>\n\n\n\n<p><\/p>\n\n\n\n<p>Lava la lechuga y corta en tiras<\/p>\n\n\n\n<p>A\u00f1ade el at\u00fan, los esp\u00e1rragos, el ma\u00edz<\/p>\n\n\n\n<p>A\u00f1ade el pepino cortado en rodajas, la cebolla cortada en medias lunas y el tomate cortado en gajos<\/p>\n\n\n\n<p>Ali\u00f1a con el aceite de oliva virgen extra una y vinagre de manzana<\/p>\n\n\n\n<ul class=\"wp-block-list\">\n<li>Aceite de oliva virgen extra = 1 cucharada<\/li>\n\n\n\n<li>Lata de at\u00fan al natural bajo en sal = 120 gramos bote peque\u00f1o de esp\u00e1rragos o medio bote de esp\u00e1rragos \u2014 1 unidad<\/li>\n\n\n\n<li>cebolla \u2014 1\/4 unidades<\/li>\n\n\n\n<li>lechuga\/escarola \u2014 2<\/li>\n\n\n\n<li>pu\u00f1ados ma\u00edz cocido \u2014 2 cucharadas<\/li>\n\n\n\n<li>pepino \u2014 1\/4 unidades<\/li>\n\n\n\n<li>tomate \u2014 1 unidad<\/li>\n\n\n\n<li>Vinagre de manzana<\/li>\n<\/ul>\n\n\n\n<p><\/p>\n\n\n\n<p class=\"has-text-align-center\"><strong><em>CENA<\/em><\/strong><\/p>\n\n\n\n<div class=\"wp-block-cover is-light\" style=\"min-height:509px;aspect-ratio:unset;\"><img loading=\"lazy\" decoding=\"async\" width=\"830\" height=\"554\" class=\"wp-block-cover__image-background wp-image-277 size-full\" alt=\"\" src=\"http:\/\/madi.n0disp0.click\/wp-content\/uploads\/2025\/09\/sopa-de-pollo-y-verduras.jpg\" data-object-fit=\"cover\" srcset=\"https:\/\/madi.n0disp0.click\/wp-content\/uploads\/2025\/09\/sopa-de-pollo-y-verduras.jpg 830w, https:\/\/madi.n0disp0.click\/wp-content\/uploads\/2025\/09\/sopa-de-pollo-y-verduras-300x200.jpg 300w, https:\/\/madi.n0disp0.click\/wp-content\/uploads\/2025\/09\/sopa-de-pollo-y-verduras-768x513.jpg 768w\" sizes=\"auto, (max-width: 830px) 100vw, 830px\" \/><span aria-hidden=\"true\" class=\"wp-block-cover__background has-background-dim\" style=\"background-color:#cdb292\"><\/span><div class=\"wp-block-cover__inner-container is-layout-flow wp-block-cover-is-layout-flow\">\n<h6 class=\"wp-block-heading has-text-align-center has-base-color has-text-color has-link-color has-large-font-size wp-elements-3e593da12aee7d2c6ce4045961efa680\"><em><strong>SOPA DE POLLO CON VEGETALES<\/strong><\/em><\/h6>\n<\/div><\/div>\n\n\n\n<p>Corta la cebolla, la zanahoria y el pimiento rojo y el puerro en daditos Corta la pechuga de pollo en daditos<\/p>\n\n\n\n<p>En una tartera a\u00f1ade una cucharada de aceite de oliva virgen extra y rehoga unos minutos hasta que la cebolla est\u00e9 transparente.<\/p>\n\n\n\n<p>Agrega agua o caldo de pollo bajo en sal hasta cubrir los vegetales un poco de sal y deja cocer durante 15 minutos. A continuaci\u00f3n a\u00f1ade los guisantes , una hoja de laurel y la pechuga de pollo cortada en daditos y deja cocer 15 minutos o hasta que veas que el pollo est\u00e1 listo, retira la hoja de laurel y sirve en un plato<\/p>\n\n\n\n<p>Observaciones: En la secci\u00f3n alimentos recomendados, puedes encontrar diferentes marcas de caldo de pollo recomendables<\/p>\n\n\n\n<ul class=\"wp-block-list\">\n<li>Aceite de oliva virgen extra \u2014= 1 cucharada<\/li>\n\n\n\n<li>Pechuga de pollo \u2014= 100 gramos<\/li>\n\n\n\n<li>cebolla \u2014= 1\/2 unidades<\/li>\n\n\n\n<li>guisantes congelados = 6 cucharadas + pimiento rojo \u2014 1\/4 unidades<\/li>\n\n\n\n<li>puerro \u2014 1\/2 unidades<\/li>\n\n\n\n<li>zanahoria = 1 unidad<\/li>\n\n\n\n<li>Caldo de pollo desgrasado bajo en sal<\/li>\n<\/ul>\n","protected":false},"excerpt":{"rendered":"<p>LUNES COMIDA Cuece el arroz con los guisantes y un poco de sal siguiendo las instrucciones del envase Cuece las jud\u00edas verdes con un poco de sal y reserva Una vez cocido, reserva Corta el tomate en taquitos A\u00f1ade al arroz, el tomate, el at\u00fan y las jud\u00edas Ali\u00f1a con el aceite de oliva y [&hellip;]<\/p>\n","protected":false},"author":1,"featured_media":0,"comment_status":"open","ping_status":"open","sticky":false,"template":"","format":"standard","meta":{"footnotes":""},"categories":[1],"tags":[],"class_list":["post-188","post","type-post","status-publish","format-standard","hentry","category-uncategorized"],"_links":{"self":[{"href":"https:\/\/madi.n0disp0.click\/index.php?rest_route=\/wp\/v2\/posts\/188","targetHints":{"allow":["GET"]}}],"collection":[{"href":"https:\/\/madi.n0disp0.click\/index.php?rest_route=\/wp\/v2\/posts"}],"about":[{"href":"https:\/\/madi.n0disp0.click\/index.php?rest_route=\/wp\/v2\/types\/post"}],"author":[{"embeddable":true,"href":"https:\/\/madi.n0disp0.click\/index.php?rest_route=\/wp\/v2\/users\/1"}],"replies":[{"embeddable":true,"href":"https:\/\/madi.n0disp0.click\/index.php?rest_route=%2Fwp%2Fv2%2Fcomments&post=188"}],"version-history":[{"count":2,"href":"https:\/\/madi.n0disp0.click\/index.php?rest_route=\/wp\/v2\/posts\/188\/revisions"}],"predecessor-version":[{"id":394,"href":"https:\/\/madi.n0disp0.click\/index.php?rest_route=\/wp\/v2\/posts\/188\/revisions\/394"}],"wp:attachment":[{"href":"https:\/\/madi.n0disp0.click\/index.php?rest_route=%2Fwp%2Fv2%2Fmedia&parent=188"}],"wp:term":[{"taxonomy":"category","embeddable":true,"href":"https:\/\/madi.n0disp0.click\/index.php?rest_route=%2Fwp%2Fv2%2Fcategories&post=188"},{"taxonomy":"post_tag","embeddable":true,"href":"https:\/\/madi.n0disp0.click\/index.php?rest_route=%2Fwp%2Fv2%2Ftags&post=188"}],"curies":[{"name":"wp","href":"https:\/\/api.w.org\/{rel}","templated":true}]}}